{"id":10066,"date":"2025-03-13T12:50:51","date_gmt":"2025-03-13T11:50:51","guid":{"rendered":"https:\/\/www.nurselifeblog.it\/?p=10066"},"modified":"2025-03-13T12:50:51","modified_gmt":"2025-03-13T11:50:51","slug":"in-sardegna-il-72-della-popolazione-affetto-da-disabilita-analisi-approfondita-del-dato-piu-alto-in-italia","status":"publish","type":"post","link":"https:\/\/www.nurselifeblog.it\/?p=10066","title":{"rendered":"In Sardegna il 7,2% della popolazione affetto da disabilit\u00e0: analisi approfondita del dato pi\u00f9 alto in Italia"},"content":{"rendered":"<p>In Sardegna, il 7,2% della popolazione presenta gravi limitazioni dovute a disabilit\u00e0, un dato che risulta essere il pi\u00f9 alto in Italia. Questo dato, emerso da uno studio condotto di recente, evidenzia la necessit\u00e0 di approfondire la conoscenza e la consapevolezza riguardo a questa tematica, al fine di garantire un migliore supporto e assistenza a coloro che vivono con una disabilit\u00e0 nell'isola sarda.<\/p>\n<p>Le disabilit\u00e0 possono manifestarsi in varie forme e possono avere un impatto significativo sulla vita quotidiana delle persone che ne sono colpite. Esse possono essere di natura fisica, sensoriale, cognitiva o intellettiva, e possono essere presenti fin dalla nascita o acquisirsi in seguito a eventi traumatici, malattie o invecchiamento. \u00c8 fondamentale comprendere che la disabilit\u00e0 non dovrebbe limitare le opportunit\u00e0 e la partecipazione sociale delle persone, ma piuttosto dovrebbe essere affrontata con un approccio inclusivo e rispettoso.<\/p>\n<p>Nel contesto specifico della Sardegna, \u00e8 importante analizzare i fattori che possono contribuire al numero relativamente alto di persone con disabilit\u00e0. Tra questi fattori, possono influire le condizioni socio-economiche, l'accessibilit\u00e0 ai servizi sanitari e di supporto, nonch\u00e9 le politiche pubbliche volte a favorire l'inclusione e la partecipazione attiva delle persone con disabilit\u00e0 nella societ\u00e0.<\/p>\n<p>Per affrontare in modo efficace la questione delle disabilit\u00e0 in Sardegna, \u00e8 necessario adottare un approccio olistico che coinvolga diverse figure professionali, tra cui medici, terapisti, assistenti sociali e operatori sanitari. Inoltre, \u00e8 fondamentale promuovere la sensibilizzazione e l'informazione sulla disabilit\u00e0, al fine di combattere pregiudizi e discriminazioni e promuovere una cultura dell'inclusione e dell'empatia.<\/p>\n<p>Oltre all'aspetto assistenziale e sanitario, \u00e8 importante anche considerare le esigenze specifiche delle persone con disabilit\u00e0 in termini di accessibilit\u00e0 fisica e ambientale. \u00c8 fondamentale garantire che gli spazi pubblici, i trasporti, le strutture ricettive e i luoghi di lavoro siano accessibili a tutti, indipendentemente dalle capacit\u00e0 fisiche o sensoriali delle persone.<\/p>\n<p>Inoltre, \u00e8 importante promuovere l'istruzione inclusiva, che permetta a bambini e giovani con disabilit\u00e0 di accedere a un'istruzione di qualit\u00e0 e sviluppare le proprie potenzialit\u00e0. L'inclusione scolastica \u00e8 un passo fondamentale verso la creazione di una societ\u00e0 pi\u00f9 equa e rispettosa delle diversit\u00e0.<\/p>\n<p>Infine, \u00e8 essenziale coinvolgere attivamente le persone con disabilit\u00e0 nel processo decisionale che riguarda le politiche e le iniziative volte a migliorare la loro qualit\u00e0 di vita. \u00c8 fondamentale ascoltare le loro esigenze, valorizzare le loro capacit\u00e0 e garantire che abbiano accesso alle risorse necessarie per vivere in modo autonomo e dignitoso.<\/p>\n<p>In conclusione, il dato che il 7,2% della popolazione in Sardegna presenti gravi limitazioni dovute a disabilit\u00e0 richiama l'attenzione sull'importanza di adottare misure concrete e inclusive per garantire il benessere e la piena partecipazione di tutte le persone, indipendentemente dalle loro capacit\u00e0 fisiche o cognitive. \u00c8 necessario lavorare insieme per costruire una societ\u00e0 pi\u00f9 solidale, rispettosa e inclusiva, dove ogni individuo abbia la possibilit\u00e0 di esprimere il proprio potenziale e contribuire al benessere comune.<\/p>\n","protected":false},"excerpt":{"rendered":"<p>In Sardegna, il 7,2% della popolazione presenta gravi limitazioni dovute a disabilit\u00e0, un dato che risulta essere il pi\u00f9 alto in Italia. Questo dato, emerso da uno studio condotto di recente, evidenzia la necessit\u00e0 di approfondire la conoscenza e la consapevolezza riguardo a questa tematica, al fine di garantire un migliore supporto e assistenza a [&hellip;]<\/p>\n","protected":false},"author":1,"featured_media":10065,"comment_status":"open","ping_status":"open","sticky":false,"template":"","format":"standard","meta":{"footnotes":""},"categories":[298],"tags":[],"class_list":["post-10066","post","type-post","status-publish","format-standard","has-post-thumbnail","hentry","category-news"],"_links":{"self":[{"href":"https:\/\/www.nurselifeblog.it\/index.php?rest_route=\/wp\/v2\/posts\/10066","targetHints":{"allow":["GET"]}}],"collection":[{"href":"https:\/\/www.nurselifeblog.it\/index.php?rest_route=\/wp\/v2\/posts"}],"about":[{"href":"https:\/\/www.nurselifeblog.it\/index.php?rest_route=\/wp\/v2\/types\/post"}],"author":[{"embeddable":true,"href":"https:\/\/www.nurselifeblog.it\/index.php?rest_route=\/wp\/v2\/users\/1"}],"replies":[{"embeddable":true,"href":"https:\/\/www.nurselifeblog.it\/index.php?rest_route=%2Fwp%2Fv2%2Fcomments&post=10066"}],"version-history":[{"count":0,"href":"https:\/\/www.nurselifeblog.it\/index.php?rest_route=\/wp\/v2\/posts\/10066\/revisions"}],"wp:featuredmedia":[{"embeddable":true,"href":"https:\/\/www.nurselifeblog.it\/index.php?rest_route=\/wp\/v2\/media\/10065"}],"wp:attachment":[{"href":"https:\/\/www.nurselifeblog.it\/index.php?rest_route=%2Fwp%2Fv2%2Fmedia&parent=10066"}],"wp:term":[{"taxonomy":"category","embeddable":true,"href":"https:\/\/www.nurselifeblog.it\/index.php?rest_route=%2Fwp%2Fv2%2Fcategories&post=10066"},{"taxonomy":"post_tag","embeddable":true,"href":"https:\/\/www.nurselifeblog.it\/index.php?rest_route=%2Fwp%2Fv2%2Ftags&post=10066"}],"curies":[{"name":"wp","href":"https:\/\/api.w.org\/{rel}","templated":true}]}}