{"id":10782,"date":"2025-03-25T16:46:10","date_gmt":"2025-03-25T15:46:10","guid":{"rendered":"https:\/\/www.nurselifeblog.it\/?p=10782"},"modified":"2025-03-25T16:46:10","modified_gmt":"2025-03-25T15:46:10","slug":"un-pontefice-inclusivo-papa-francesco-e-la-lotta-per-i-diritti-delle-persone-con-disabilita","status":"publish","type":"post","link":"https:\/\/www.nurselifeblog.it\/?p=10782","title":{"rendered":"Un pontefice inclusivo: Papa Francesco e la lotta per i diritti delle persone con disabilit\u00e0"},"content":{"rendered":"<p>Papa Francesco \u00e8 noto in tutto il mondo per la sua umanit\u00e0, la sua compassione e il suo impegno per la giustizia sociale. Tra le varie tematiche affrontate durante il suo pontificato, una delle pi\u00f9 importanti \u00e8 senz'altro la difesa dei diritti delle persone con disabilit\u00e0. Il pontefice argentino ha sempre sottolineato l'importanza di garantire pari opportunit\u00e0 e piena inclusione per tutti, indipendentemente dalla loro condizione fisica o mentale.<\/p>\n<p>L'approccio di Papa Francesco alla questione delle disabilit\u00e0 si basa su principi di rispetto, dignit\u00e0 e solidariet\u00e0. Egli ha pi\u00f9 volte sottolineato che le persone con disabilit\u00e0 non devono essere discriminate o emarginate, ma piuttosto devono essere valorizzate per le loro capacit\u00e0 e il loro contributo unico alla societ\u00e0. Inoltre, il pontefice ha messo in luce la responsabilit\u00e0 di tutti nel creare un ambiente inclusivo e accogliente, in cui ciascuno possa sentirsi parte integrante della comunit\u00e0.<\/p>\n<p>Una delle iniziative pi\u00f9 significative di Papa Francesco a favore delle persone con disabilit\u00e0 \u00e8 stata la creazione della Fondazione Pontificia \"Scholas Occurrentes\", un'organizzazione internazionale che si impegna a promuovere l'educazione inclusiva e l'accesso all'istruzione per tutti, indipendentemente dalle differenze. Attraverso progetti e programmi innovativi, Scholas Occurrentes mira a sensibilizzare l'opinione pubblica e a creare ponti di solidariet\u00e0 tra persone di diverse abilit\u00e0 e provenienze.<\/p>\n<p>Inoltre, Papa Francesco ha spesso incontrato e incoraggiato persone con disabilit\u00e0, ascoltando le loro storie, condividendo le loro sfide e manifestando la sua vicinanza e il suo sostegno. Il pontefice ha ribadito che la vera grandezza di una societ\u00e0 si misura dalla cura e dall'attenzione che riserva ai pi\u00f9 deboli e vulnerabili, e che le persone con disabilit\u00e0 meritano di essere trattate con rispetto e dignit\u00e0 in ogni ambito della vita.<\/p>\n<p>Nel contesto delle sue attivit\u00e0 di sensibilizzazione, Papa Francesco ha anche sottolineato l'importanza di promuovere politiche e leggi che tutelino i diritti delle persone con disabilit\u00e0 e favoriscano la loro piena integrazione nella societ\u00e0. Il pontefice ha invitato i leader politici e le istituzioni a impegnarsi concretamente per rimuovere le barriere architettoniche, sociali ed economiche che ostacolano la partecipazione piena e attiva delle persone con disabilit\u00e0.<\/p>\n<p>In conclusione, l'esempio di Papa Francesco nella difesa dei diritti delle persone con disabilit\u00e0 ci ricorda che la vera grandezza si esprime nella solidariet\u00e0 e nell'inclusione. Il pontefice ci invita a guardare al di l\u00e0 delle differenze e a riconoscere il valore intrinseco di ogni individuo, indipendentemente dalle sue capacit\u00e0 fisiche o mentali. Solo attraverso un impegno collettivo e una cultura dell'accoglienza possiamo costruire una societ\u00e0 pi\u00f9 giusta, equa e compassionevole per tutti.<\/p>\n","protected":false},"excerpt":{"rendered":"<p>Papa Francesco \u00e8 noto in tutto il mondo per la sua umanit\u00e0, la sua compassione e il suo impegno per la giustizia sociale. Tra le varie tematiche affrontate durante il suo pontificato, una delle pi\u00f9 importanti \u00e8 senz'altro la difesa dei diritti delle persone con disabilit\u00e0. Il pontefice argentino ha sempre sottolineato l'importanza di garantire [&hellip;]<\/p>\n","protected":false},"author":1,"featured_media":10781,"comment_status":"open","ping_status":"open","sticky":false,"template":"","format":"standard","meta":{"footnotes":""},"categories":[298],"tags":[],"class_list":["post-10782","post","type-post","status-publish","format-standard","has-post-thumbnail","hentry","category-news"],"_links":{"self":[{"href":"https:\/\/www.nurselifeblog.it\/index.php?rest_route=\/wp\/v2\/posts\/10782","targetHints":{"allow":["GET"]}}],"collection":[{"href":"https:\/\/www.nurselifeblog.it\/index.php?rest_route=\/wp\/v2\/posts"}],"about":[{"href":"https:\/\/www.nurselifeblog.it\/index.php?rest_route=\/wp\/v2\/types\/post"}],"author":[{"embeddable":true,"href":"https:\/\/www.nurselifeblog.it\/index.php?rest_route=\/wp\/v2\/users\/1"}],"replies":[{"embeddable":true,"href":"https:\/\/www.nurselifeblog.it\/index.php?rest_route=%2Fwp%2Fv2%2Fcomments&post=10782"}],"version-history":[{"count":0,"href":"https:\/\/www.nurselifeblog.it\/index.php?rest_route=\/wp\/v2\/posts\/10782\/revisions"}],"wp:featuredmedia":[{"embeddable":true,"href":"https:\/\/www.nurselifeblog.it\/index.php?rest_route=\/wp\/v2\/media\/10781"}],"wp:attachment":[{"href":"https:\/\/www.nurselifeblog.it\/index.php?rest_route=%2Fwp%2Fv2%2Fmedia&parent=10782"}],"wp:term":[{"taxonomy":"category","embeddable":true,"href":"https:\/\/www.nurselifeblog.it\/index.php?rest_route=%2Fwp%2Fv2%2Fcategories&post=10782"},{"taxonomy":"post_tag","embeddable":true,"href":"https:\/\/www.nurselifeblog.it\/index.php?rest_route=%2Fwp%2Fv2%2Ftags&post=10782"}],"curies":[{"name":"wp","href":"https:\/\/api.w.org\/{rel}","templated":true}]}}