{"id":17843,"date":"2025-07-17T11:45:27","date_gmt":"2025-07-17T09:45:27","guid":{"rendered":"https:\/\/www.nurselifeblog.it\/?p=17843"},"modified":"2025-07-17T11:45:27","modified_gmt":"2025-07-17T09:45:27","slug":"lotta-per-la-dignita-sanitaria-la-voce-degli-infermieri-della-sanita-privata","status":"publish","type":"post","link":"https:\/\/www.nurselifeblog.it\/?p=17843","title":{"rendered":"Lotta per la Dignit\u00e0 Sanitaria: La Voce degli Infermieri della Sanit\u00e0 Privata"},"content":{"rendered":"<p>Infermieri e professionisti della sanit\u00e0 privata si preparano a tornare in piazza per manifestare la propria indignazione e chiedere un cambio radicale nel sistema sanitario. Il prossimo 23 maggio, davanti al Ministero della Salute, si far\u00e0 sentire una voce corale che richiama l'attenzione sulle condizioni precarie in cui operano coloro che quotidianamente si dedicano alla cura dei pazienti.<\/p>\n<p>La protesta non \u00e8 solo un grido di dolore, ma un appello urgente a riconoscere il valore e l'importanza del lavoro svolto dagli infermieri e dagli operatori sanitari della sanit\u00e0 privata. Questi professionisti sono spesso costretti a operare in condizioni di estrema difficolt\u00e0, con carichi di lavoro e responsabilit\u00e0 che superano i limiti del sostenibile. La mancanza di risorse, di personale e di adeguati strumenti di lavoro mette a rischio non solo la salute e la sicurezza degli operatori, ma anche la qualit\u00e0 dell'assistenza erogata ai pazienti.<\/p>\n<p>Le richieste degli infermieri e dei professionisti della sanit\u00e0 privata sono chiare e condivisibili. Essi chiedono un riconoscimento economico adeguato al valore del proprio lavoro, condizioni di lavoro dignitose e rispettose della salute e della sicurezza, un adeguato numero di personale per garantire un'assistenza di qualit\u00e0 e un maggiore coinvolgimento nelle decisioni che riguardano l'organizzazione dei servizi sanitari.<\/p>\n<p>\u00c8 fondamentale che le istituzioni e le autorit\u00e0 competenti ascoltino e rispondano alle legittime richieste di questi professionisti che sono in prima linea nella lotta contro le malattie e per la salute di tutti. La pandemia da COVID-19 ha messo in evidenza ancora di pi\u00f9 l'importanza e il ruolo fondamentale degli infermieri e degli operatori sanitari, che hanno lavorato instancabilmente per fronteggiare l'emergenza, mettendo a rischio la propria salute pur di garantire l'assistenza ai pazienti.<\/p>\n<p>La protesta del prossimo 23 maggio non \u00e8 solo un atto di ribellione, ma un segnale forte e chiaro che chiede un cambiamento concreto e immediato. \u00c8 necessario investire nella sanit\u00e0, valorizzare e sostenere gli operatori sanitari che ogni giorno si impegnano per garantire il diritto alla salute di tutti i cittadini. Senza di loro, il sistema sanitario rischia di collassare, mettendo a repentaglio la vita di milioni di persone.<\/p>\n<p>La dignit\u00e0 sanitaria \u00e8 un diritto fondamentale che non pu\u00f2 essere negato. Gli infermieri e gli operatori della sanit\u00e0 privata meritano rispetto, riconoscimento e sostegno da parte delle istituzioni e della societ\u00e0 nel suo complesso. La salute di un Paese si misura anche dal modo in cui tratta coloro che sono impegnati a preservarla e a tutelarla.<\/p>\n<p>Il prossimo 23 maggio, unisciti alla voce degli infermieri e dei professionisti della sanit\u00e0 privata che chiedono giustizia, dignit\u00e0 e rispetto. La salute di tutti dipende anche da loro.<\/p>\n","protected":false},"excerpt":{"rendered":"<p>Infermieri e professionisti della sanit\u00e0 privata si preparano a tornare in piazza per manifestare la propria indignazione e chiedere un cambio radicale nel sistema sanitario. Il prossimo 23 maggio, davanti al Ministero della Salute, si far\u00e0 sentire una voce corale che richiama l'attenzione sulle condizioni precarie in cui operano coloro che quotidianamente si dedicano alla [&hellip;]<\/p>\n","protected":false},"author":1,"featured_media":17842,"comment_status":"open","ping_status":"open","sticky":false,"template":"","format":"standard","meta":{"footnotes":""},"categories":[298],"tags":[],"class_list":["post-17843","post","type-post","status-publish","format-standard","has-post-thumbnail","hentry","category-news"],"_links":{"self":[{"href":"https:\/\/www.nurselifeblog.it\/index.php?rest_route=\/wp\/v2\/posts\/17843","targetHints":{"allow":["GET"]}}],"collection":[{"href":"https:\/\/www.nurselifeblog.it\/index.php?rest_route=\/wp\/v2\/posts"}],"about":[{"href":"https:\/\/www.nurselifeblog.it\/index.php?rest_route=\/wp\/v2\/types\/post"}],"author":[{"embeddable":true,"href":"https:\/\/www.nurselifeblog.it\/index.php?rest_route=\/wp\/v2\/users\/1"}],"replies":[{"embeddable":true,"href":"https:\/\/www.nurselifeblog.it\/index.php?rest_route=%2Fwp%2Fv2%2Fcomments&post=17843"}],"version-history":[{"count":0,"href":"https:\/\/www.nurselifeblog.it\/index.php?rest_route=\/wp\/v2\/posts\/17843\/revisions"}],"wp:featuredmedia":[{"embeddable":true,"href":"https:\/\/www.nurselifeblog.it\/index.php?rest_route=\/wp\/v2\/media\/17842"}],"wp:attachment":[{"href":"https:\/\/www.nurselifeblog.it\/index.php?rest_route=%2Fwp%2Fv2%2Fmedia&parent=17843"}],"wp:term":[{"taxonomy":"category","embeddable":true,"href":"https:\/\/www.nurselifeblog.it\/index.php?rest_route=%2Fwp%2Fv2%2Fcategories&post=17843"},{"taxonomy":"post_tag","embeddable":true,"href":"https:\/\/www.nurselifeblog.it\/index.php?rest_route=%2Fwp%2Fv2%2Ftags&post=17843"}],"curies":[{"name":"wp","href":"https:\/\/api.w.org\/{rel}","templated":true}]}}