{"id":17861,"date":"2025-07-17T14:00:28","date_gmt":"2025-07-17T12:00:28","guid":{"rendered":"https:\/\/www.nurselifeblog.it\/?p=17861"},"modified":"2025-07-17T14:00:28","modified_gmt":"2025-07-17T12:00:28","slug":"dermatite-bovina-strategie-efficaci-della-regione-sardegna-per-contrastare-lepidemia","status":"publish","type":"post","link":"https:\/\/www.nurselifeblog.it\/?p=17861","title":{"rendered":"Dermatite Bovina: Strategie efficaci della Regione Sardegna per contrastare l&#8217;epidemia"},"content":{"rendered":"<p>In risposta alle preoccupazioni sollevate da Maieli riguardo alla diffusione della dermatite bovina in Sardegna, l'assessore alla sanit\u00e0 Frau del movimento politico Uniti per Todde ha sottolineato l'impegno e la prontezza con cui la Regione sta affrontando l'epidemia. La dermatite bovina \u00e8 una malattia infettiva che colpisce il bestiame e pu\u00f2 avere gravi conseguenze sulla salute degli animali e sull'economia dell'intera regione.<\/p>\n<p>La Regione Sardegna ha attuato una serie di strategie per contenere la diffusione del virus e proteggere il patrimonio zootecnico locale. In primo luogo, sono state implementate misure di controllo e sorveglianza per individuare tempestivamente i focolai e isolare gli animali infetti. Grazie a un sistema di monitoraggio costante, \u00e8 stato possibile intervenire prontamente in caso di nuovi casi segnalati.<\/p>\n<p>Inoltre, la Regione ha promosso campagne di sensibilizzazione rivolte agli allevatori per informarli sui sintomi della malattia e sulle misure preventive da adottare. Educazione e formazione sono fondamentali per garantire una corretta gestione del bestiame e ridurre il rischio di diffusione della dermatite bovina.<\/p>\n<p>Fra le azioni intraprese dalla Regione Sardegna vi \u00e8 anche la promozione di programmi di vaccinazione per proteggere gli animali dalle forme pi\u00f9 gravi della malattia. La vaccinazione \u00e8 un'arma fondamentale nella lotta contro l'epidemia e rappresenta un importante strumento per ridurre la diffusione del virus.<\/p>\n<p>Inoltre, sono stati potenziati i controlli veterinari ai confini regionali per prevenire l'ingresso di animali infetti da altre regioni. La collaborazione con le autorit\u00e0 sanitarie nazionali \u00e8 essenziale per garantire un'azione coordinata e efficace nella gestione dell'epidemia.<\/p>\n<p>L'assessore Frau ha sottolineato l'importanza della collaborazione tra istituzioni, operatori del settore zootecnico e comunit\u00e0 locale per contrastare con successo la diffusione della dermatite bovina. Solo attraverso un impegno congiunto e coordinato sar\u00e0 possibile sconfiggere il virus e proteggere la salute degli animali e degli allevatori.<\/p>\n<p>In conclusione, la Regione Sardegna sta adottando tutte le misure necessarie per contrastare l'epidemia di dermatite bovina, garantendo la sicurezza del settore zootecnico e la tutela della salute pubblica. Grazie a un'azione rapida e mirata, si \u00e8 sicuri di poter contenere la diffusione del virus e proteggere il patrimonio animale della regione.<\/p>\n","protected":false},"excerpt":{"rendered":"<p>In risposta alle preoccupazioni sollevate da Maieli riguardo alla diffusione della dermatite bovina in Sardegna, l'assessore alla sanit\u00e0 Frau del movimento politico Uniti per Todde ha sottolineato l'impegno e la prontezza con cui la Regione sta affrontando l'epidemia. La dermatite bovina \u00e8 una malattia infettiva che colpisce il bestiame e pu\u00f2 avere gravi conseguenze sulla [&hellip;]<\/p>\n","protected":false},"author":1,"featured_media":17860,"comment_status":"open","ping_status":"open","sticky":false,"template":"","format":"standard","meta":{"footnotes":""},"categories":[298],"tags":[],"class_list":["post-17861","post","type-post","status-publish","format-standard","has-post-thumbnail","hentry","category-news"],"_links":{"self":[{"href":"https:\/\/www.nurselifeblog.it\/index.php?rest_route=\/wp\/v2\/posts\/17861","targetHints":{"allow":["GET"]}}],"collection":[{"href":"https:\/\/www.nurselifeblog.it\/index.php?rest_route=\/wp\/v2\/posts"}],"about":[{"href":"https:\/\/www.nurselifeblog.it\/index.php?rest_route=\/wp\/v2\/types\/post"}],"author":[{"embeddable":true,"href":"https:\/\/www.nurselifeblog.it\/index.php?rest_route=\/wp\/v2\/users\/1"}],"replies":[{"embeddable":true,"href":"https:\/\/www.nurselifeblog.it\/index.php?rest_route=%2Fwp%2Fv2%2Fcomments&post=17861"}],"version-history":[{"count":0,"href":"https:\/\/www.nurselifeblog.it\/index.php?rest_route=\/wp\/v2\/posts\/17861\/revisions"}],"wp:featuredmedia":[{"embeddable":true,"href":"https:\/\/www.nurselifeblog.it\/index.php?rest_route=\/wp\/v2\/media\/17860"}],"wp:attachment":[{"href":"https:\/\/www.nurselifeblog.it\/index.php?rest_route=%2Fwp%2Fv2%2Fmedia&parent=17861"}],"wp:term":[{"taxonomy":"category","embeddable":true,"href":"https:\/\/www.nurselifeblog.it\/index.php?rest_route=%2Fwp%2Fv2%2Fcategories&post=17861"},{"taxonomy":"post_tag","embeddable":true,"href":"https:\/\/www.nurselifeblog.it\/index.php?rest_route=%2Fwp%2Fv2%2Ftags&post=17861"}],"curies":[{"name":"wp","href":"https:\/\/api.w.org\/{rel}","templated":true}]}}