{"id":18639,"date":"2025-07-30T09:05:25","date_gmt":"2025-07-30T07:05:25","guid":{"rendered":"https:\/\/www.nurselifeblog.it\/?p=18639"},"modified":"2025-07-30T09:05:25","modified_gmt":"2025-07-30T07:05:25","slug":"anni-dalla-legge-251-2000-il-bilancio-delle-conquiste-e-le-sfide-prioritarie-da-affrontare","status":"publish","type":"post","link":"https:\/\/www.nurselifeblog.it\/?p=18639","title":{"rendered":"Anni dalla Legge 251\/2000: Il Bilancio delle Conquiste e le Sfide Prioritarie da Affrontare"},"content":{"rendered":"<p>\u00c8 trascorso un quarto di secolo dall'approvazione della Legge 251\/2000, un importante traguardo che ci invita a riflettere sulle conquiste finora raggiunte nel campo della salute pubblica e sulle sfide che ancora ci attendono. Questa legge, nota anche come \"Disposizioni per la tutela sociale dell'infanzia e dell'adolescenza\", ha rappresentato un passo significativo nella promozione del benessere dei pi\u00f9 giovani e nella garanzia dei loro diritti fondamentali.<\/p>\n<p>Negli ultimi 25 anni, grazie all'attuazione della Legge 251\/2000, sono state compiute importanti progressi nel settore della sanit\u00e0 pubblica. Tra le principali conquiste possiamo annoverare l'istituzione di programmi di prevenzione e di intervento precoce per contrastare le malattie infantili, la promozione di stili di vita sani attraverso campagne di sensibilizzazione e l'implementazione di servizi di assistenza dedicati ai minori in situazioni di disagio o vulnerabilit\u00e0.<\/p>\n<p>Inoltre, la Legge 251\/2000 ha svolto un ruolo chiave nella promozione della partecipazione attiva dei giovani alla costruzione di politiche e programmi sanitari, riconoscendo il valore della loro voce e delle loro esperienze nel processo decisionale. Grazie a questo approccio partecipativo, \u00e8 stato possibile adottare soluzioni pi\u00f9 efficaci e rispondenti alle reali esigenze dei ragazzi e delle ragazze.<\/p>\n<p>Nonostante i progressi compiuti, ci sono ancora molte sfide da affrontare nel campo della salute dell'infanzia e dell'adolescenza. Una delle questioni pi\u00f9 urgenti riguarda la necessit\u00e0 di potenziare i servizi di salute mentale rivolti ai giovani, considerando l'aumento dei disturbi psicologici e dell'ansia tra i ragazzi. \u00c8 fondamentale garantire l'accesso tempestivo a cure adeguate e di qualit\u00e0 per prevenire il deterioramento della salute mentale e favorire il benessere psicofisico dei minori.<\/p>\n<p>Un'altra sfida cruciale \u00e8 rappresentata dalla lotta all'obesit\u00e0 infantile, una problematica in costante crescita che mette a rischio la salute e il futuro dei giovani. \u00c8 essenziale promuovere abitudini alimentari sane e incoraggiare la pratica regolare di attivit\u00e0 fisica fin dalla pi\u00f9 tenera et\u00e0, coinvolgendo famiglie, scuole e comunit\u00e0 nel promuovere uno stile di vita salutare.<\/p>\n<p>Inoltre, \u00e8 importante continuare a investire nelle politiche di prevenzione delle malattie infettive e promuovere la copertura vaccinale per proteggere i bambini e gli adolescenti da patologie prevenibili. La diffusione di disinformazione sui vaccini rappresenta una minaccia per la salute pubblica e richiede un impegno concreto nella promozione della corretta informazione e nella lotta alle fake news in ambito sanitario.<\/p>\n<p>Infine, un ulteriore obiettivo da perseguire con determinazione \u00e8 quello di garantire l'accesso equo e universale ai servizi sanitari per tutti i minori, senza discriminazioni di alcun genere. \u00c8 fondamentale ridurre le disuguaglianze nell'accesso alle cure e garantire che nessun bambino venga lasciato indietro a causa di condizioni socioeconomiche sfavorevoli.<\/p>\n<p>In conclusione, i 25 anni trascorsi dalla promulgazione della Legge 251\/2000 ci offrono l'opportunit\u00e0 di valutare i progressi compiuti nel campo della salute dell'infanzia e dell'adolescenza e di identificare le sfide prioritarie da affrontare con urgenza. \u00c8 necessario continuare a lavorare con impegno e determinazione per garantire un futuro pi\u00f9 sano e promettente per le generazioni future.<\/p>\n","protected":false},"excerpt":{"rendered":"<p>\u00c8 trascorso un quarto di secolo dall'approvazione della Legge 251\/2000, un importante traguardo che ci invita a riflettere sulle conquiste finora raggiunte nel campo della salute pubblica e sulle sfide che ancora ci attendono. Questa legge, nota anche come \"Disposizioni per la tutela sociale dell'infanzia e dell'adolescenza\", ha rappresentato un passo significativo nella promozione del [&hellip;]<\/p>\n","protected":false},"author":1,"featured_media":18638,"comment_status":"open","ping_status":"open","sticky":false,"template":"","format":"standard","meta":{"footnotes":""},"categories":[298],"tags":[],"class_list":["post-18639","post","type-post","status-publish","format-standard","has-post-thumbnail","hentry","category-news"],"_links":{"self":[{"href":"https:\/\/www.nurselifeblog.it\/index.php?rest_route=\/wp\/v2\/posts\/18639","targetHints":{"allow":["GET"]}}],"collection":[{"href":"https:\/\/www.nurselifeblog.it\/index.php?rest_route=\/wp\/v2\/posts"}],"about":[{"href":"https:\/\/www.nurselifeblog.it\/index.php?rest_route=\/wp\/v2\/types\/post"}],"author":[{"embeddable":true,"href":"https:\/\/www.nurselifeblog.it\/index.php?rest_route=\/wp\/v2\/users\/1"}],"replies":[{"embeddable":true,"href":"https:\/\/www.nurselifeblog.it\/index.php?rest_route=%2Fwp%2Fv2%2Fcomments&post=18639"}],"version-history":[{"count":0,"href":"https:\/\/www.nurselifeblog.it\/index.php?rest_route=\/wp\/v2\/posts\/18639\/revisions"}],"wp:featuredmedia":[{"embeddable":true,"href":"https:\/\/www.nurselifeblog.it\/index.php?rest_route=\/wp\/v2\/media\/18638"}],"wp:attachment":[{"href":"https:\/\/www.nurselifeblog.it\/index.php?rest_route=%2Fwp%2Fv2%2Fmedia&parent=18639"}],"wp:term":[{"taxonomy":"category","embeddable":true,"href":"https:\/\/www.nurselifeblog.it\/index.php?rest_route=%2Fwp%2Fv2%2Fcategories&post=18639"},{"taxonomy":"post_tag","embeddable":true,"href":"https:\/\/www.nurselifeblog.it\/index.php?rest_route=%2Fwp%2Fv2%2Ftags&post=18639"}],"curies":[{"name":"wp","href":"https:\/\/api.w.org\/{rel}","templated":true}]}}