{"id":2638,"date":"2024-11-22T13:26:24","date_gmt":"2024-11-22T12:26:24","guid":{"rendered":"https:\/\/www.nurselifeblog.it\/?p=2638"},"modified":"2024-11-22T13:26:24","modified_gmt":"2024-11-22T12:26:24","slug":"scandalo-fiscale-nel-settore-sanitario-lotta-contro-lesclusione-dei-turni-notturni-delle-prestazioni-aggiuntive","status":"publish","type":"post","link":"https:\/\/www.nurselifeblog.it\/?p=2638","title":{"rendered":"Scandalo fiscale nel settore sanitario: lotta contro l&#8217;esclusione dei turni notturni delle prestazioni aggiuntive"},"content":{"rendered":"<p>Nel settore sanitario italiano \u00e8 in corso una disputa tra la Confedilizia Medici (Cimo) e la Federazione della Medicina Specialistica (Fesmed) da una parte e la Conferenza Regionale dall'altra riguardo alla defiscalizzazione delle prestazioni aggiuntive, con particolare attenzione alla possibile esclusione dei turni notturni. La questione ha generato un acceso dibattito e minaccia di portare a una valanga di ricorsi da parte dei medici interessati.<\/p>\n<p>La defiscalizzazione delle prestazioni aggiuntive \u00e8 un tema di grande importanza per il settore sanitario, in quanto impatta direttamente sulla remunerazione dei medici che svolgono attivit\u00e0 extra rispetto al normale orario lavorativo. Queste prestazioni aggiuntive, che includono anche i turni notturni, sono spesso indispensabili per garantire una copertura sanitaria continua e di qualit\u00e0, soprattutto in ambito ospedaliero.<\/p>\n<p>La Cimo e la Fesmed hanno evidenziato come l'esclusione dei turni notturni dalle prestazioni defiscalizzate rappresenterebbe un grave danno per i medici che lavorano in tali condizioni, penalizzando coloro che garantiscono la copertura notturna negli ospedali e nelle strutture sanitarie. Inoltre, questa decisione potrebbe compromettere la qualit\u00e0 dell'assistenza offerta ai pazienti durante le ore notturne, mettendo a rischio la sicurezza e la salute di chi necessita di cure urgenti.<\/p>\n<p>La Conferenza Regionale, d'altra parte, ha sostenuto la necessit\u00e0 di ridurre le spese sanitarie e di razionalizzare i costi, proponendo l'esclusione dei turni notturni dalle prestazioni defiscalizzate come una misura per contenere i costi e ottimizzare l'allocazione delle risorse nel sistema sanitario. Tuttavia, questa proposta ha generato forti proteste da parte dei medici e delle associazioni di categoria, che vedono in essa un attacco ai propri diritti e un indebolimento del sistema sanitario nazionale.<\/p>\n<p>La questione della defiscalizzazione delle prestazioni aggiuntive si inserisce in un contesto pi\u00f9 ampio di riforme e cambiamenti nel settore sanitario italiano, che negli ultimi anni ha affrontato sfide e difficolt\u00e0 legate alla gestione delle risorse, all'aumento della domanda di servizi sanitari e alla carenza di personale medico. In questo contesto, \u00e8 fondamentale trovare un equilibrio tra la necessit\u00e0 di contenere i costi e garantire una sanit\u00e0 efficiente e di qualit\u00e0 per tutti i cittadini.<\/p>\n<p>La Cimo e la Fesmed si sono dichiarate pronte a difendere i diritti dei medici e a promuovere una gestione oculata delle risorse sanitarie, ma allo stesso tempo hanno avvertito che l'esclusione dei turni notturni dalle prestazioni defiscalizzate potrebbe avere conseguenze negative sull'intero sistema sanitario. Pertanto, \u00e8 necessario trovare soluzioni condivise che tengano conto delle esigenze dei medici, dei pazienti e del sistema nel suo complesso.<\/p>\n<p>In conclusione, la questione della defiscalizzazione delle prestazioni aggiuntive e dell'esclusione dei turni notturni rappresenta un nodo cruciale per il settore sanitario italiano, che richiede un approccio equilibrato e lungimirante da parte di tutte le parti coinvolte. \u00c8 indispensabile trovare soluzioni che garantiscano la sostenibilit\u00e0 del sistema sanitario, il rispetto dei diritti dei medici e la qualit\u00e0 dell'assistenza offerta ai pazienti, evitando che interessi economici prevalgano sulla salute e sul benessere della collettivit\u00e0.<\/p>\n","protected":false},"excerpt":{"rendered":"<p>Nel settore sanitario italiano \u00e8 in corso una disputa tra la Confedilizia Medici (Cimo) e la Federazione della Medicina Specialistica (Fesmed) da una parte e la Conferenza Regionale dall'altra riguardo alla defiscalizzazione delle prestazioni aggiuntive, con particolare attenzione alla possibile esclusione dei turni notturni. La questione ha generato un acceso dibattito e minaccia di portare [&hellip;]<\/p>\n","protected":false},"author":1,"featured_media":2637,"comment_status":"open","ping_status":"open","sticky":false,"template":"","format":"standard","meta":{"footnotes":""},"categories":[298],"tags":[],"class_list":["post-2638","post","type-post","status-publish","format-standard","has-post-thumbnail","hentry","category-news"],"_links":{"self":[{"href":"https:\/\/www.nurselifeblog.it\/index.php?rest_route=\/wp\/v2\/posts\/2638","targetHints":{"allow":["GET"]}}],"collection":[{"href":"https:\/\/www.nurselifeblog.it\/index.php?rest_route=\/wp\/v2\/posts"}],"about":[{"href":"https:\/\/www.nurselifeblog.it\/index.php?rest_route=\/wp\/v2\/types\/post"}],"author":[{"embeddable":true,"href":"https:\/\/www.nurselifeblog.it\/index.php?rest_route=\/wp\/v2\/users\/1"}],"replies":[{"embeddable":true,"href":"https:\/\/www.nurselifeblog.it\/index.php?rest_route=%2Fwp%2Fv2%2Fcomments&post=2638"}],"version-history":[{"count":0,"href":"https:\/\/www.nurselifeblog.it\/index.php?rest_route=\/wp\/v2\/posts\/2638\/revisions"}],"wp:featuredmedia":[{"embeddable":true,"href":"https:\/\/www.nurselifeblog.it\/index.php?rest_route=\/wp\/v2\/media\/2637"}],"wp:attachment":[{"href":"https:\/\/www.nurselifeblog.it\/index.php?rest_route=%2Fwp%2Fv2%2Fmedia&parent=2638"}],"wp:term":[{"taxonomy":"category","embeddable":true,"href":"https:\/\/www.nurselifeblog.it\/index.php?rest_route=%2Fwp%2Fv2%2Fcategories&post=2638"},{"taxonomy":"post_tag","embeddable":true,"href":"https:\/\/www.nurselifeblog.it\/index.php?rest_route=%2Fwp%2Fv2%2Ftags&post=2638"}],"curies":[{"name":"wp","href":"https:\/\/api.w.org\/{rel}","templated":true}]}}