{"id":2746,"date":"2024-11-25T14:05:31","date_gmt":"2024-11-25T13:05:31","guid":{"rendered":"https:\/\/www.nurselifeblog.it\/?p=2746"},"modified":"2024-11-25T14:05:31","modified_gmt":"2024-11-25T13:05:31","slug":"unite-contro-la-violenza-sulle-donne-limpegno-di-schillaci-e-locatelli","status":"publish","type":"post","link":"https:\/\/www.nurselifeblog.it\/?p=2746","title":{"rendered":"Unite contro la violenza sulle donne: l&#8217;impegno di Schillaci e Locatelli"},"content":{"rendered":"<p>Il 25 novembre di ogni anno si celebra la Giornata internazionale per l'eliminazione della violenza contro le donne, un'occasione importante per sensibilizzare l'opinione pubblica e promuovere azioni concrete per contrastare questo fenomeno diffuso e devastante. In questa occasione, il ministro della Salute, Orazio Schillaci, e la ministra delle Disabilit\u00e0, Alessandra Locatelli, si sono espressi con fermezza e determinazione, ribadendo l'impegno del governo italiano nella lotta contro la violenza sulle donne.<\/p>\n<p>La violenza di genere \u00e8 un problema profondamente radicato nella societ\u00e0, che colpisce donne di tutte le et\u00e0, provenienze sociali ed etnie. Si manifesta in molte forme, che vanno dall'abuso fisico e psicologico alla discriminazione sul lavoro, dallo stalking alla violenza sessuale. Le conseguenze di questa violenza sono devastanti, non solo per le vittime dirette, ma anche per le loro famiglie, le comunit\u00e0 e la societ\u00e0 nel suo complesso.<\/p>\n<p>Il ministro della Salute, Orazio Schillaci, ha sottolineato l'importanza di affrontare la violenza sulle donne come una questione di salute pubblica, poich\u00e9 le conseguenze fisiche e psicologiche di tali abusi possono avere un impatto duraturo sulla salute delle vittime. Schillaci ha evidenziato la necessit\u00e0 di un approccio integrato che coinvolga il sistema sanitario, le forze dell'ordine, i servizi sociali e la societ\u00e0 civile per prevenire la violenza e garantire un'adeguata assistenza alle vittime.<\/p>\n<p>Dall'altra parte, la ministra delle Disabilit\u00e0, Alessandra Locatelli, ha posto l'accento sull'importanza di considerare le donne con disabilit\u00e0 come una categoria particolarmente vulnerabile alla violenza di genere. Le donne con disabilit\u00e0 sono spesso soggette a forme specifiche di abuso e discriminazione, e hanno maggiori difficolt\u00e0 ad accedere ai servizi di supporto e protezione. Locatelli ha sottolineato la necessit\u00e0 di garantire alle donne con disabilit\u00e0 pari opportunit\u00e0 e protezione, e di promuovere politiche inclusive e sensibili alle specifiche esigenze di questa popolazione.<\/p>\n<p>Il governo italiano ha adottato diverse misure per contrastare la violenza sulle donne, tra cui la promozione di campagne di sensibilizzazione, l'istituzione di centri antiviolenza e l'implementazione di leggi pi\u00f9 severe per punire gli aggressori. Tuttavia, molto resta ancora da fare per cambiare le mentalit\u00e0, combattere gli stereotipi di genere e garantire un reale cambiamento culturale che ponga fine alla violenza sulle donne una volta per tutte.<\/p>\n<p>In conclusione, l'impegno di Schillaci e Locatelli contro la violenza sulle donne rappresenta un importante passo avanti nella lotta per l'eliminazione di questo fenomeno insidioso e inaccettabile. \u00c8 responsabilit\u00e0 di tutti, istituzioni, operatori sanitari, cittadini, lavorare insieme per costruire una societ\u00e0 pi\u00f9 giusta, equa e rispettosa dei diritti di tutte le donne. Solo attraverso un impegno comune e costante possiamo sperare di porre fine alla violenza di genere e garantire un futuro migliore per le generazioni future.<\/p>\n","protected":false},"excerpt":{"rendered":"<p>Il 25 novembre di ogni anno si celebra la Giornata internazionale per l'eliminazione della violenza contro le donne, un'occasione importante per sensibilizzare l'opinione pubblica e promuovere azioni concrete per contrastare questo fenomeno diffuso e devastante. In questa occasione, il ministro della Salute, Orazio Schillaci, e la ministra delle Disabilit\u00e0, Alessandra Locatelli, si sono espressi con [&hellip;]<\/p>\n","protected":false},"author":1,"featured_media":2745,"comment_status":"open","ping_status":"open","sticky":false,"template":"","format":"standard","meta":{"footnotes":""},"categories":[298],"tags":[],"class_list":["post-2746","post","type-post","status-publish","format-standard","has-post-thumbnail","hentry","category-news"],"_links":{"self":[{"href":"https:\/\/www.nurselifeblog.it\/index.php?rest_route=\/wp\/v2\/posts\/2746","targetHints":{"allow":["GET"]}}],"collection":[{"href":"https:\/\/www.nurselifeblog.it\/index.php?rest_route=\/wp\/v2\/posts"}],"about":[{"href":"https:\/\/www.nurselifeblog.it\/index.php?rest_route=\/wp\/v2\/types\/post"}],"author":[{"embeddable":true,"href":"https:\/\/www.nurselifeblog.it\/index.php?rest_route=\/wp\/v2\/users\/1"}],"replies":[{"embeddable":true,"href":"https:\/\/www.nurselifeblog.it\/index.php?rest_route=%2Fwp%2Fv2%2Fcomments&post=2746"}],"version-history":[{"count":0,"href":"https:\/\/www.nurselifeblog.it\/index.php?rest_route=\/wp\/v2\/posts\/2746\/revisions"}],"wp:featuredmedia":[{"embeddable":true,"href":"https:\/\/www.nurselifeblog.it\/index.php?rest_route=\/wp\/v2\/media\/2745"}],"wp:attachment":[{"href":"https:\/\/www.nurselifeblog.it\/index.php?rest_route=%2Fwp%2Fv2%2Fmedia&parent=2746"}],"wp:term":[{"taxonomy":"category","embeddable":true,"href":"https:\/\/www.nurselifeblog.it\/index.php?rest_route=%2Fwp%2Fv2%2Fcategories&post=2746"},{"taxonomy":"post_tag","embeddable":true,"href":"https:\/\/www.nurselifeblog.it\/index.php?rest_route=%2Fwp%2Fv2%2Ftags&post=2746"}],"curies":[{"name":"wp","href":"https:\/\/api.w.org\/{rel}","templated":true}]}}