{"id":9774,"date":"2025-03-07T22:30:30","date_gmt":"2025-03-07T21:30:30","guid":{"rendered":"https:\/\/www.nurselifeblog.it\/?p=9774"},"modified":"2025-03-07T22:30:30","modified_gmt":"2025-03-07T21:30:30","slug":"situazione-critica-negli-ospedali-della-calabria-il-governo-dichiara-lo-stato-di-emergenza-sanitaria","status":"publish","type":"post","link":"https:\/\/www.nurselifeblog.it\/?p=9774","title":{"rendered":"Situazione critica negli ospedali della Calabria: il Governo dichiara lo stato di emergenza sanitaria"},"content":{"rendered":"<p>Il Consiglio dei Ministri ha dichiarato lo stato di emergenza per il sistema ospedaliero della Calabria, a causa della situazione critica in cui si trovano le strutture sanitarie della regione. La decisione \u00e8 stata presa a seguito di una serie di segnalazioni e denunce che evidenziano gravi carenze e problemi strutturali che mettono a rischio la salute e la sicurezza dei pazienti.<\/p>\n<p>La Calabria, una delle regioni pi\u00f9 colpite dalla pandemia di Covid-19, si trova ad affrontare una crisi senza precedenti nel sistema sanitario. Le strutture ospedaliere sono sovraffollate, il personale sanitario \u00e8 esausto e le risorse a disposizione sono insufficienti per far fronte all'aumento dei casi di contagio.<\/p>\n<p>Tra i principali problemi che affliggono gli ospedali calabresi ci sono la mancanza di personale sanitario qualificato, la carenza di dispositivi di protezione individuale e di strumentazioni mediche, nonch\u00e9 la scarsa organizzazione e gestione delle risorse disponibili. Questi fattori hanno portato a lunghe attese per visite ed esami, a ritardi nei trattamenti e interventi chirurgici, e a una generale inefficienza nel sistema sanitario.<\/p>\n<p>La dichiarazione dello stato di emergenza da parte del Governo centrale \u00e8 un primo passo per affrontare la situazione critica in cui versa la sanit\u00e0 calabrese. Questa misura straordinaria consentir\u00e0 di adottare provvedimenti urgenti per migliorare l'efficienza e la qualit\u00e0 dei servizi sanitari offerti ai cittadini, nonch\u00e9 di garantire la sicurezza e la salute di pazienti e operatori sanitari.<\/p>\n<p>Tra le azioni che potranno essere adottate nell'ambito dello stato di emergenza ci sono l'invio di personale sanitario aggiuntivo nelle strutture ospedaliere pi\u00f9 colpite, l'acquisto di dispositivi di protezione individuale e di strumentazioni mediche necessarie per affrontare l'emergenza sanitaria, nonch\u00e9 interventi mirati per potenziare e potenziare le infrastrutture sanitarie esistenti.<\/p>\n<p>\u00c8 fondamentale che le istituzioni locali, regionali e nazionali collaborino e coordinino le proprie azioni per fronteggiare l'emergenza sanitaria in Calabria. \u00c8 necessario un impegno congiunto per superare le criticit\u00e0 del sistema sanitario e garantire a tutti i cittadini calabresi un accesso equo e tempestivo ai servizi sanitari di cui hanno bisogno.<\/p>\n<p>In conclusione, la dichiarazione dello stato di emergenza per il sistema ospedaliero della Calabria \u00e8 un segnale dell'urgenza e della gravit\u00e0 della situazione sanitaria nella regione. \u00c8 necessario agire con determinazione e tempestivit\u00e0 per superare le sfide attuali e garantire un sistema sanitario efficiente e rispondente alle esigenze della popolazione locale.<\/p>\n","protected":false},"excerpt":{"rendered":"<p>Il Consiglio dei Ministri ha dichiarato lo stato di emergenza per il sistema ospedaliero della Calabria, a causa della situazione critica in cui si trovano le strutture sanitarie della regione. La decisione \u00e8 stata presa a seguito di una serie di segnalazioni e denunce che evidenziano gravi carenze e problemi strutturali che mettono a rischio [&hellip;]<\/p>\n","protected":false},"author":1,"featured_media":9773,"comment_status":"open","ping_status":"open","sticky":false,"template":"","format":"standard","meta":{"footnotes":""},"categories":[298],"tags":[],"class_list":["post-9774","post","type-post","status-publish","format-standard","has-post-thumbnail","hentry","category-news"],"_links":{"self":[{"href":"https:\/\/www.nurselifeblog.it\/index.php?rest_route=\/wp\/v2\/posts\/9774","targetHints":{"allow":["GET"]}}],"collection":[{"href":"https:\/\/www.nurselifeblog.it\/index.php?rest_route=\/wp\/v2\/posts"}],"about":[{"href":"https:\/\/www.nurselifeblog.it\/index.php?rest_route=\/wp\/v2\/types\/post"}],"author":[{"embeddable":true,"href":"https:\/\/www.nurselifeblog.it\/index.php?rest_route=\/wp\/v2\/users\/1"}],"replies":[{"embeddable":true,"href":"https:\/\/www.nurselifeblog.it\/index.php?rest_route=%2Fwp%2Fv2%2Fcomments&post=9774"}],"version-history":[{"count":0,"href":"https:\/\/www.nurselifeblog.it\/index.php?rest_route=\/wp\/v2\/posts\/9774\/revisions"}],"wp:featuredmedia":[{"embeddable":true,"href":"https:\/\/www.nurselifeblog.it\/index.php?rest_route=\/wp\/v2\/media\/9773"}],"wp:attachment":[{"href":"https:\/\/www.nurselifeblog.it\/index.php?rest_route=%2Fwp%2Fv2%2Fmedia&parent=9774"}],"wp:term":[{"taxonomy":"category","embeddable":true,"href":"https:\/\/www.nurselifeblog.it\/index.php?rest_route=%2Fwp%2Fv2%2Fcategories&post=9774"},{"taxonomy":"post_tag","embeddable":true,"href":"https:\/\/www.nurselifeblog.it\/index.php?rest_route=%2Fwp%2Fv2%2Ftags&post=9774"}],"curies":[{"name":"wp","href":"https:\/\/api.w.org\/{rel}","templated":true}]}}